{"id":720,"date":"2012-07-02T12:06:51","date_gmt":"2012-07-02T10:06:51","guid":{"rendered":"http:\/\/wecanliveonmars.com\/wp\/?p=230"},"modified":"2015-11-13T20:18:49","modified_gmt":"2015-11-13T19:18:49","slug":"vos-besoins-de-formation-de-gestion-de-projet-scrum-en-suisse-romande","status":"publish","type":"post","link":"https:\/\/wecanliveonmars.com\/wp\/?p=720","title":{"rendered":"Vos besoins de formation de gestion de projet Scrum en Suisse Romande ?"},"content":{"rendered":"<p>Merci de prendre 5 minutes pour r\u00e9pondre \u00e0 notre sondage.<\/p>\n<p>Nous d\u00e9sirons mettre en place une offre de formation Scrum r\u00e9guli\u00e8re en Suisse Romande et votre feedback nous permettra de vous proposer des cours au plus proche de vos attentes.<\/p>\n<p><a title=\"Vos besoins de formation de gestion de projet Scrum en Suisse Romande\" href=\"http:\/\/www.surveymonkey.com\/s\/35RWVC2\">R\u00e9pondez ici \u00e0 notre sondage<\/a> &#8220;Vos besoins de formation de gestion de projet Scrum en Suisse Romande ?&#8221;<\/p>\n<p>&nbsp;<\/p>\n","protected":false},"excerpt":{"rendered":"<p>Merci de prendre 5 minutes pour r\u00e9pondre \u00e0 notre sondage. Nous d\u00e9sirons mettre en place une offre de formation Scrum r\u00e9guli\u00e8re en Suisse Romande et votre feedback nous permettra de vous proposer des cours au plus proche de vos attentes. R\u00e9pondez ici \u00e0 notre sondage &#8220;Vos besoins de formation de [&hellip;]<\/p>\n","protected":false},"author":3,"featured_media":0,"comment_status":"open","ping_status":"open","sticky":false,"template":"","format":"standard","meta":{"footnotes":""},"categories":[56],"tags":[76,102],"class_list":["post-720","post","type-post","status-publish","format-standard","hentry","category-sondages-2","tag-formation","tag-sondage"],"_links":{"self":[{"href":"https:\/\/wecanliveonmars.com\/wp\/index.php?rest_route=\/wp\/v2\/posts\/720","targetHints":{"allow":["GET"]}}],"collection":[{"href":"https:\/\/wecanliveonmars.com\/wp\/index.php?rest_route=\/wp\/v2\/posts"}],"about":[{"href":"https:\/\/wecanliveonmars.com\/wp\/index.php?rest_route=\/wp\/v2\/types\/post"}],"author":[{"embeddable":true,"href":"https:\/\/wecanliveonmars.com\/wp\/index.php?rest_route=\/wp\/v2\/users\/3"}],"replies":[{"embeddable":true,"href":"https:\/\/wecanliveonmars.com\/wp\/index.php?rest_route=%2Fwp%2Fv2%2Fcomments&post=720"}],"version-history":[{"count":1,"href":"https:\/\/wecanliveonmars.com\/wp\/index.php?rest_route=\/wp\/v2\/posts\/720\/revisions"}],"predecessor-version":[{"id":845,"href":"https:\/\/wecanliveonmars.com\/wp\/index.php?rest_route=\/wp\/v2\/posts\/720\/revisions\/845"}],"wp:attachment":[{"href":"https:\/\/wecanliveonmars.com\/wp\/index.php?rest_route=%2Fwp%2Fv2%2Fmedia&parent=720"}],"wp:term":[{"taxonomy":"category","embeddable":true,"href":"https:\/\/wecanliveonmars.com\/wp\/index.php?rest_route=%2Fwp%2Fv2%2Fcategories&post=720"},{"taxonomy":"post_tag","embeddable":true,"href":"https:\/\/wecanliveonmars.com\/wp\/index.php?rest_route=%2Fwp%2Fv2%2Ftags&post=720"}],"curies":[{"name":"wp","href":"https:\/\/api.w.org\/{rel}","templated":true}]}}